{"id":984,"date":"2013-08-02T14:21:21","date_gmt":"2013-08-02T12:21:21","guid":{"rendered":"http:\/\/buttermusch.de\/?p=984"},"modified":"2013-08-02T14:21:21","modified_gmt":"2013-08-02T12:21:21","slug":"traum-01-08-die-meeressaeuger-und-der-gelbe-werbekuli","status":"publish","type":"post","link":"http:\/\/buttermusch.de\/?p=984","title":{"rendered":"Traum 01.08. Die Meeress\u00e4uger und der gelbe Werbekuli"},"content":{"rendered":"<p>Es ist erst 6:15 Uhr und ich schlafe noch mal ein. Hoffe, dass es die Tr\u00e4ume nicht \u00fcberschreibt, aber das ist wichtiger angesichts der Halsschmerzen.<\/p>\n<p>Erster Abschnitt des Traumes. Wir \u00fcbernachten in Wien bei der Freundin mit der das Verh\u00e4ltnis abgek\u00fchlt ist (die gibt es tats\u00e4chlich und im Traum ist sie es auch). Sie will auf einmal Geld f\u00fcr die \u00dcbernachtung. Ich lehne ab und sage, wir seien gekommen, weil sie zu ihrem Geburtstag eingeladen habe, dass es nun so komisch geendet sei, da k\u00f6nnten wir nichts daf\u00fcr und au\u00dferdem h\u00e4tte sie oft genug bei uns \u00fcbernachtet und \u00fcberhaupt w\u00e4re das Verh\u00e4ltnis des Geben und Nehmens 10 zu 1 zu unseren Gunsten. Ich sage ihr richtig meine Meinung, warum das Verh\u00e4ltnis von meiner Seite abgek\u00fchlt sei und dass ich unbedingt solidarisch zu der gemeinsamen Freundin w\u00e4re. Irgendwie vermittelt hier schon ein alter Freund Tyark, der dabei ist und aus Norddeutschland kommt und die beiden Wienerinnen von fr\u00fcher kennt und selber mittlerweile in der N\u00e4he von Wien lebt. Sie tickt weiter aus, weil sie meine Pillen ber\u00fchrt h\u00e4tte, die auf dem Tisch liegen und das w\u00fcrde jetzt brennen an der Stelle. (Ich denke mal dieses Ganz Wiengetr\u00e4ume h\u00e4ngt damit zusammen, dass zwei Wienerinnen im Anmarsch sind und am 01.08. bei uns eintreffen werden).<\/p>\n<p>N\u00e4chste Szene ist, dass ich mit Tyark auf meinem Motorboot fahre, aber es ist nur der Motor, man sitzt dabei im Wasser. Wir sind jederzeit an einem gro\u00dfen Meer. Ich muss mich an ihm festhalten. Als wir eine Weile fahren, sage ich, dass ich immer tiefer sinke und mich kaum noch halten kann. Dann sind wir irgendwie an der K\u00fcste und ich kann mich wieder aufrichten. Wir gehen dort entlang und finden einen verwaisten Tresen, wo offenbar gefeiert wurde. Tyark guckt in den K\u00fchlschrank nach einem Bier und ich \u00fcberlege ob ich mein leeres Weinglas nicht hier lassen soll (vielleicht eine Anspielung auf den Glasbruch japanische Ikebana-Vase, den ich gestern verursacht habe). Wir gehen weiter und uns kommt ein P\u00e4rchen mit Hund entgegen, ein brauner Setter. Es wird langsam hell. Wir kommen dann zu einer Bucht und da sind riesige Seehund, der eine hat H\u00e4ngeaugen. Es sind 4 hinter einander, die immer zugleich oder synchron auftauchen. Wir setzen uns unten einen Unterschlupf und ich versuche ein Foto zu machen, muss aber so viel halten, dass es nicht gelingt. Tyark fotografiert unentwegt. Schlie\u00dflich rutscht mein gelber TUI-Kugelschreiber aus meiner Hand, ich balanciere mehrere Plastikteile, herunter ins Meer und ein Fisch kommt aus der Tiefe und schnappt ihn, d.h,. er bei\u00dft den Stift mittig und verschwindet wieder. Ich habe diesen Stift wirklich:<\/p>\n<p><a href=\"http:\/\/buttermusch.de\/wp-content\/uploads\/2013\/08\/TuiKuli-e1375369080237.jpg\"><img loading=\"lazy\" decoding=\"async\" class=\"alignnone size-medium wp-image-982\" alt=\"TuiKuli\" src=\"http:\/\/buttermusch.de\/wp-content\/uploads\/2013\/08\/TuiKuli-e1375369080237-300x225.jpg\" width=\"300\" height=\"225\" srcset=\"http:\/\/buttermusch.de\/wp-content\/uploads\/2013\/08\/TuiKuli-e1375369080237-300x225.jpg 300w, http:\/\/buttermusch.de\/wp-content\/uploads\/2013\/08\/TuiKuli-e1375369080237.jpg 480w\" sizes=\"auto, (max-width: 300px) 100vw, 300px\" \/><\/a><\/p>\n<p>Alle (d.h. andere Menschen sind auch da und Kinder sitzen \u00fcber uns) sind entsetzt wegen der Umweltverschmutzung. Auch ich mache mir etwas Sorgen, was aus dem Fisch wird. Es ist mir ja nicht absichtlich passiert. Dann fallen mir andere Bilder der Reise ein. Wie wir \u00fcber eine Br\u00fccke gelaufen sind und darunter ist gerade ein riesiger Wal vorbei geschwommen, den man h\u00e4tte anfassen k\u00f6nnen. Das w\u00e4re aber gef\u00e4hrlich gewesen meint mein Begleiter, weil der dann vielleicht ausgeschlagen h\u00e4tten. Ich sage noch krasser war es mit den beiden riesigen Haien, die ganz nah an Stephan waren als wir das Boot wechseln mussten, aber das Wasser war recht flach, so dass sie nicht an ihn heran gekommen sind, aber die sind immer wieder gesprungen und ich habe eindruckslos ihre Silhouetten gesehen wie aus dem Wei\u00dfen Hai, aber sie seien etwas kleiner gewesen und dunkel. Dann setzt es einen lauten Krach und der Himmel \u00f6ffnet sich und es f\u00e4ngt an zu sch\u00fctten. Alle hauen ab, nur noch wir sitzen zu dritt unter dem Unterschlupf, der auch einmal ein Plastikzelt ist. Tyark sitzt am Rand und bekommt am meisten Wasser ab und zieht die Plane herunter und ich habe den besten Platz und bleibe relativ trocken. Dann ist der Spuk vorbei und als wir gehen wollen, sehe ich meinen Kugelschreiber, wir es an der Wasseroberfl\u00e4che treibt und frage Tyark, ob er da ran kommt. Er holt ihn mir raus und er hat ein paar Dreckspuren vor seinen Abenteuern im Meer, aber ich konnte ihn wieder bergen.<\/p>\n<p>(Anm.: heute komischerweise kein Kaffee. Ich bin ja auch noch nicht richtig wach und schlafe noch eine Runde).<\/p>\n","protected":false},"excerpt":{"rendered":"<p>Es ist erst 6:15 Uhr und ich schlafe noch mal ein. Hoffe, dass es die Tr\u00e4ume nicht \u00fcberschreibt, aber das ist wichtiger angesichts der Halsschmerzen. Erster Abschnitt des Traumes. Wir \u00fcbernachten in Wien bei der Freundin mit der das Verh\u00e4ltnis abgek\u00fchlt ist (die gibt es tats\u00e4chlich und im Traum ist sie es auch). Sie will [&hellip;]<\/p>\n","protected":false},"author":1,"featured_media":0,"comment_status":"open","ping_status":"closed","sticky":false,"template":"","format":"standard","meta":{"footnotes":""},"categories":[5],"tags":[],"class_list":["post-984","post","type-post","status-publish","format-standard","hentry","category-der-himmel-voller-butter-aus-dem-leben-von-buttermusch"],"_links":{"self":[{"href":"http:\/\/buttermusch.de\/index.php?rest_route=\/wp\/v2\/posts\/984","targetHints":{"allow":["GET"]}}],"collection":[{"href":"http:\/\/buttermusch.de\/index.php?rest_route=\/wp\/v2\/posts"}],"about":[{"href":"http:\/\/buttermusch.de\/index.php?rest_route=\/wp\/v2\/types\/post"}],"author":[{"embeddable":true,"href":"http:\/\/buttermusch.de\/index.php?rest_route=\/wp\/v2\/users\/1"}],"replies":[{"embeddable":true,"href":"http:\/\/buttermusch.de\/index.php?rest_route=%2Fwp%2Fv2%2Fcomments&post=984"}],"version-history":[{"count":1,"href":"http:\/\/buttermusch.de\/index.php?rest_route=\/wp\/v2\/posts\/984\/revisions"}],"predecessor-version":[{"id":985,"href":"http:\/\/buttermusch.de\/index.php?rest_route=\/wp\/v2\/posts\/984\/revisions\/985"}],"wp:attachment":[{"href":"http:\/\/buttermusch.de\/index.php?rest_route=%2Fwp%2Fv2%2Fmedia&parent=984"}],"wp:term":[{"taxonomy":"category","embeddable":true,"href":"http:\/\/buttermusch.de\/index.php?rest_route=%2Fwp%2Fv2%2Fcategories&post=984"},{"taxonomy":"post_tag","embeddable":true,"href":"http:\/\/buttermusch.de\/index.php?rest_route=%2Fwp%2Fv2%2Ftags&post=984"}],"curies":[{"name":"wp","href":"https:\/\/api.w.org\/{rel}","templated":true}]}}