{"id":3532,"date":"2013-12-29T10:55:03","date_gmt":"2013-12-29T08:55:03","guid":{"rendered":"http:\/\/buttermusch.de\/?p=3532"},"modified":"2013-12-29T15:20:14","modified_gmt":"2013-12-29T13:20:14","slug":"der-geist-von-weihnachten","status":"publish","type":"post","link":"http:\/\/buttermusch.de\/?p=3532","title":{"rendered":"Der Geist von Weihnachten"},"content":{"rendered":"<p>19.12. Herr PM hat eine R\u00e4umungsklage und ich bestelle mich gegen\u00fcber dem Gericht und zeige die Verteidigungsbereitschaft an, obwohl es hier gar nichts zu verteidigen gibt. Das Betreuungsgericht ist zeitgleich der Meinung, dass er mich zahlen kann, weil seine Schwester noch 4.000,- \u20ac f\u00fcr ihn verwaltet. Denen schreibe ich, dass wir das Geld f\u00fcr die R\u00e4umungsklage und vor allem den Umzug und die Mietkaution ben\u00f6tigen und ein Betreuter von mir sich 2013 suizidiert hat als er umziehen sollte und da war schon eine Wohnung vorhanden, in die er ziehen konnte. Die Details erspare ich dem Betreuungsgericht, aber er ist zu einem Hochhaus in Ricklingen gefahren, wo er einmal eine Wohnung besichtigt hat und offenbar wusste, dass man reinkommt und ins Treppenhaus und an einen Au\u00dfenbalkon und gesprungen in der Nacht bevor die Umzugshelfer kamen, die morgens vor verschlossener T\u00fcr standen. Ich denke, meine Aufgabe ist es, meine Betreuten auch dann zu unterst\u00fctzen, wenn sie rechtlich keine Prozesskostenhilfe bekommen, weil die Rechtsverteidigung keine Aussichten auf Erfolg hat und, dass das Umziehen m\u00fcssen mit hohem Stress verbunden ist und ich hier gerade allerhand zu tun habe, ich aber auch nicht umsonst arbeiten will mit dem Hinweis, dass der Rechtspfleger, der ihn f\u00fcr verm\u00f6gend h\u00e4lt, die Akte bitte dem zust\u00e4ndigen Richter vorlegen soll, weil ich doch der Meinung bin, dass ich meinem Betreuten beistehen und nicht die Arbeit einstellen sollte.<\/p>\n<p>Ich fahre zum Amt und treffe\u00a0 mich mit einem Betreuten um einen neuen Antrag zu stellen. Es wurde festgestellt, dass er l\u00e4nger als 6 Monate nicht erwerbsf\u00e4hig ist.\u00a0Lange Schlange, Russen mit ihren Eltern und andere, die erst am 19.12. gemerkt, dass sie kein Geld f\u00fcr den Monat bekommen haben. \u00a0Alles l\u00e4uft wie am Schn\u00fcrchen. Ich bin bekannt in der Hamburger Allee und dort sitzen viele sympathische Menschen, mit denen ich mich verstehe u.a. ein Typ, der aussieht, wie der Schwager von Walter White aus Breaking Bad, der in der Serie allerdings bei der DEA arbeitet (Drug Enforcement Administration ist die Abk\u00fcrzung glaube ich).<\/p>\n<p>Meine kleine Querulatorin, die immer will, dass ich ihre Rechte wahrnehme und \u00fcberall Klagen einreiche, wollte mich los werden. Ich w\u00e4re auch nicht dagegen gewesen, habe nur gesagt, dass ich sehr wohl was tue und der Wunsch nach Betreuerwechsel in der Krankheit begr\u00fcndet liegt. Das Landgericht schreibt nach einer Beschwerde des Hasen: \u201e<i>Die Voraussetzungen f\u00fcr eine Betreuerentlassung gem\u00e4\u00df \u00a7 1908 b Abs. 1 Satz 1 BGB liegen nicht vor. Ein wichtiger Grund f\u00fcr die Betreuerentlassung ist, wie das Betreuungsgericht zutreffend ausgef\u00fchrt hat, nicht ersichtlich. Auch aus dem Beschwerdevorbringen ergibt sich nicht, dass die Betreuerin eine konkrete Pflichtverletzung vorzuwerfen w\u00e4re. Die Betroffene wirft der Betreuerin lediglich allgemein vor, ihre Interessen nicht durchzusetzen. In welcher Form sie hierbei pflichtwidrig gehandelt haben soll, ergibt sich aus den pauschalen Vorw\u00fcrfen nicht. Die Betreuerin hat sich ausweislich ihrer Stellungnahme um die Angelegenheiten der Betroffenen intensiv gek\u00fcmmert, ohne dass konkret ersichtlich w\u00e4re, inwieweit hier Pflichtverletzungen vorliegen sollen. Die Betroffene verkennt, dass die Betreuerin lediglich gehalten ist, die Interessen der Betroffenen wahrzunehmen; ob sich die Interessen auch durchsetzen lassen, ist vielmehr eine Frage der jeweiligen gerichtlichen Entscheidung\u2026Dem Wunsch der Betroffenen nach einer Austauschentlassung kommt zwar ein besonders Gewicht zu\u2026.Es widerspr\u00e4che dem Wohl der Betreuten, ihrer gegen die Betreuerin gerichteten, krankheitsbedingten Stimmung nachzugeben<\/i>.\u201c<\/p>\n<p>Auch ganz sch\u00f6n zu lesen.<\/p>\n<p>Ich bekomme Fotos von einer Freundin von unserem Feininger als Welpe. Das war Modenschau bei Anne Behne vor gef\u00fchlten 100 Jahren. Ach, wie s\u00fc\u00df, der helle Hund, unser Sonnenschein und was waren wir f\u00fcr stolze Eltern. Wir haben keinen neuen Hund, weil ich immer noch Feininger habe, in meinem Herzen. Ich schrieb der Freundin, die mittlerweile 2 Hunde hat, dass ich immer noch einen Hund habe, aber meiner tot ist und ich daher nicht mehr Gassi gehen muss oder darf mit ihm.<\/p>\n<p><a href=\"http:\/\/buttermusch.de\/wp-content\/uploads\/2013\/12\/DSCN1677.jpg\"><img loading=\"lazy\" decoding=\"async\" class=\"alignnone size-medium wp-image-3522\" alt=\"DSCN1677\" src=\"http:\/\/buttermusch.de\/wp-content\/uploads\/2013\/12\/DSCN1677-300x225.jpg\" width=\"300\" height=\"225\" srcset=\"http:\/\/buttermusch.de\/wp-content\/uploads\/2013\/12\/DSCN1677-300x225.jpg 300w, http:\/\/buttermusch.de\/wp-content\/uploads\/2013\/12\/DSCN1677-1024x768.jpg 1024w, http:\/\/buttermusch.de\/wp-content\/uploads\/2013\/12\/DSCN1677-624x468.jpg 624w, http:\/\/buttermusch.de\/wp-content\/uploads\/2013\/12\/DSCN1677.jpg 2048w\" sizes=\"auto, (max-width: 300px) 100vw, 300px\" \/><\/a> <a href=\"http:\/\/buttermusch.de\/wp-content\/uploads\/2013\/12\/DSCN1682.jpg\"><img loading=\"lazy\" decoding=\"async\" class=\"alignnone size-medium wp-image-3527\" alt=\"DSCN1682\" src=\"http:\/\/buttermusch.de\/wp-content\/uploads\/2013\/12\/DSCN1682-225x300.jpg\" width=\"225\" height=\"300\" srcset=\"http:\/\/buttermusch.de\/wp-content\/uploads\/2013\/12\/DSCN1682-225x300.jpg 225w, http:\/\/buttermusch.de\/wp-content\/uploads\/2013\/12\/DSCN1682-768x1024.jpg 768w, http:\/\/buttermusch.de\/wp-content\/uploads\/2013\/12\/DSCN1682-624x832.jpg 624w, http:\/\/buttermusch.de\/wp-content\/uploads\/2013\/12\/DSCN1682.jpg 1536w\" sizes=\"auto, (max-width: 225px) 100vw, 225px\" \/><\/a> <a href=\"http:\/\/buttermusch.de\/wp-content\/uploads\/2013\/12\/DSCN1683.jpg\"><img loading=\"lazy\" decoding=\"async\" class=\"alignnone size-medium wp-image-3528\" alt=\"DSCN1683\" src=\"http:\/\/buttermusch.de\/wp-content\/uploads\/2013\/12\/DSCN1683-225x300.jpg\" width=\"225\" height=\"300\" srcset=\"http:\/\/buttermusch.de\/wp-content\/uploads\/2013\/12\/DSCN1683-225x300.jpg 225w, http:\/\/buttermusch.de\/wp-content\/uploads\/2013\/12\/DSCN1683-768x1024.jpg 768w, http:\/\/buttermusch.de\/wp-content\/uploads\/2013\/12\/DSCN1683-624x832.jpg 624w, http:\/\/buttermusch.de\/wp-content\/uploads\/2013\/12\/DSCN1683.jpg 1536w\" sizes=\"auto, (max-width: 225px) 100vw, 225px\" \/><\/a> <a href=\"http:\/\/buttermusch.de\/wp-content\/uploads\/2013\/12\/DSCN1741_.jpg\"><img loading=\"lazy\" decoding=\"async\" class=\"alignnone size-medium wp-image-3529\" alt=\"DSCN1741_\" src=\"http:\/\/buttermusch.de\/wp-content\/uploads\/2013\/12\/DSCN1741_-161x300.jpg\" width=\"161\" height=\"300\" srcset=\"http:\/\/buttermusch.de\/wp-content\/uploads\/2013\/12\/DSCN1741_-161x300.jpg 161w, http:\/\/buttermusch.de\/wp-content\/uploads\/2013\/12\/DSCN1741_-551x1024.jpg 551w, http:\/\/buttermusch.de\/wp-content\/uploads\/2013\/12\/DSCN1741_-624x1159.jpg 624w, http:\/\/buttermusch.de\/wp-content\/uploads\/2013\/12\/DSCN1741_.jpg 1102w\" sizes=\"auto, (max-width: 161px) 100vw, 161px\" \/><\/a><\/p>\n<p>Ich habe abends einen Termin zum Buttonbasteln f\u00fcr einen Junggesellinnenabschied. Die Buttons sollen das Wort \u201ePENIS\u201c ergeben, aber nur einzelne Buchstaben, die im Bedarf zu dem Wort zusammengesetzt werden k\u00f6nnen, wegen der Kinder. Ich muss das nicht alles verstehen. Es wird das erste Mal mit Glitter gearbeitet in der Buttonwerkstatt. Ich bin hundem\u00fcde wegen der Weihnachtsfeier, die feucht-fr\u00f6hlich war von meiner Seite und mit einem Nachgang in kleinerer Runde noch l\u00e4nger ging. Ich gehe um 21 Uhr ins Bett. Vorher noch eine mail an kunsthistorisches Museum wegen der Freund-Ausstellung. Verl\u00e4ngert vom 06.01. auf den 12.01. Ich bin verunsichert, aber den Flug haben wir eh schon gebucht.<\/p>\n<p>20.12. Ich bin um vor 5 wach und habe ausreichend Zeit alles zu erledigen was heute noch auf dem Programm steht, privat und dienstlich. Nerve meine Eltern mit Anrufen um 8 Uhr. Sie sind im Bad. Lege den Kalender des Nachbarn kommentarlos vor seine T\u00fcr.<\/p>\n<p>Morgens kommen die Fensterputzer. Der Typ redet gar nicht und benutzt nur Zeichensprache. Den Kopf in Richtung Flurende drehen und dabei fragend gucken soll hei\u00dfen, ob die Mitarbeiterin der Steuerberaterin wei\u00df, wann der Psychologe mit seinem Termin fertig ist.\u00a0Das Museum in Wien antwortet mir prompt und ich bedanke mich. Schreiben kann man sich sehr gut mit den Wienern, aber in gesch\u00e4ftlichen Angelegenheiten sollen sie verschlagen sein, d.h. sie sind charmant und hauen einen zugleich \u00fcbers Ohr, halt nicht so gradlinig wie die Deutschen. Selbe Sprache, trotzdem andere Kultur. \u00a0Meine Betreute sagt ihren Termin ab, der Sohn ist krank geworden. Sie kommt dann nach Weihnachten am 30.12. Ich erledige Post. Gegen Mittag fahre ich mit dem Kollegen zu der Computerfirma um mit denen nach einer L\u00f6sung zu suchen. Im Auto ist er knallhart, vor Ort hat er viel Verst\u00e4ndnis. Er macht ihnen aber auch deutlich, dass wir \u00fcber 2 Wochen keine Rechner hatten und kein Geld verdienen konnten und das alles nacharbeiten m\u00fcssen. Sie haben das Problem nicht ernst genommen (jeder Mitarbeiter bekommt t\u00e4glich 90 Anrufe und jeder ist der Meinung, dass bei ihm die H\u00fctte brennt) bzw. erst nach meinem Fax. Unser Programmierhamster h\u00e4lt sich bedeckt, sein dicker, schielender Kollege sagt, es w\u00e4re bl\u00f6d gelaufen und das sie so was nicht noch mal machen w\u00fcrden. Das sei ihr Fazit. Wenn man ein Supportticket f\u00fcr 300,- \u20ac von der Softwarefirma kaufen muss und sich dar\u00fcber einig ist. Wer k\u00fcmmert sich darum? Der IT-Spezialist oder der Endverbraucher und Kunde? Ich sage, es sei doch so als sei man beim Hausarzt gewesen nach einer Blutuntersuchung. Der sagt, der eine Wert sei verd\u00e4chtig, aber er k\u00f6nne das nicht beurteilen, da m\u00fcsse ein Speziallabor ran. Wer organisiert das dann?<\/p>\n","protected":false},"excerpt":{"rendered":"<p>19.12. Herr PM hat eine R\u00e4umungsklage und ich bestelle mich gegen\u00fcber dem Gericht und zeige die Verteidigungsbereitschaft an, obwohl es hier gar nichts zu verteidigen gibt. Das Betreuungsgericht ist zeitgleich der Meinung, dass er mich zahlen kann, weil seine Schwester noch 4.000,- \u20ac f\u00fcr ihn verwaltet. Denen schreibe ich, dass wir das Geld f\u00fcr die [&hellip;]<\/p>\n","protected":false},"author":1,"featured_media":0,"comment_status":"open","ping_status":"closed","sticky":false,"template":"","format":"standard","meta":{"footnotes":""},"categories":[5],"tags":[],"class_list":["post-3532","post","type-post","status-publish","format-standard","hentry","category-der-himmel-voller-butter-aus-dem-leben-von-buttermusch"],"_links":{"self":[{"href":"http:\/\/buttermusch.de\/index.php?rest_route=\/wp\/v2\/posts\/3532","targetHints":{"allow":["GET"]}}],"collection":[{"href":"http:\/\/buttermusch.de\/index.php?rest_route=\/wp\/v2\/posts"}],"about":[{"href":"http:\/\/buttermusch.de\/index.php?rest_route=\/wp\/v2\/types\/post"}],"author":[{"embeddable":true,"href":"http:\/\/buttermusch.de\/index.php?rest_route=\/wp\/v2\/users\/1"}],"replies":[{"embeddable":true,"href":"http:\/\/buttermusch.de\/index.php?rest_route=%2Fwp%2Fv2%2Fcomments&post=3532"}],"version-history":[{"count":3,"href":"http:\/\/buttermusch.de\/index.php?rest_route=\/wp\/v2\/posts\/3532\/revisions"}],"predecessor-version":[{"id":3537,"href":"http:\/\/buttermusch.de\/index.php?rest_route=\/wp\/v2\/posts\/3532\/revisions\/3537"}],"wp:attachment":[{"href":"http:\/\/buttermusch.de\/index.php?rest_route=%2Fwp%2Fv2%2Fmedia&parent=3532"}],"wp:term":[{"taxonomy":"category","embeddable":true,"href":"http:\/\/buttermusch.de\/index.php?rest_route=%2Fwp%2Fv2%2Fcategories&post=3532"},{"taxonomy":"post_tag","embeddable":true,"href":"http:\/\/buttermusch.de\/index.php?rest_route=%2Fwp%2Fv2%2Ftags&post=3532"}],"curies":[{"name":"wp","href":"https:\/\/api.w.org\/{rel}","templated":true}]}}